{"id":33016,"date":"2024-01-30T11:57:56","date_gmt":"2024-01-30T11:57:56","guid":{"rendered":"https:\/\/thisisadominoproject.org\/?p=33016"},"modified":"2024-01-30T15:02:32","modified_gmt":"2024-01-30T15:02:32","slug":"feminist-conference-2023","status":"publish","type":"post","link":"https:\/\/thisisadominoproject.org\/en\/feminist-conference-2023\/","title":{"rendered":"Feminist Conference 2023"},"content":{"rendered":"<div class=\"wpb-content-wrapper\">[vc_row full_width=&#8221;stretch_row&#8221; full_height=&#8221;yes&#8221; equal_height=&#8221;yes&#8221; bg_type=&#8221;image&#8221; parallax_style=&#8221;vcpb-default&#8221; bg_image_new=&#8221;id^32592|url^https:\/\/thisisadominoproject.org\/wp-content\/uploads\/2023\/11\/Untitled-2-3.jpg|caption^null|alt^null|title^Untitled-2|description^null&#8221; bg_image_repeat=&#8221;repeat-y&#8221; bg_image_size=&#8221;initial&#8221; bg_img_attach=&#8221;fixed&#8221; bg_override=&#8221;full&#8221; css=&#8221;.vc_custom_1701109941703{padding-top: 70px !important;padding-bottom: 70px !important;}&#8221;][vc_column css=&#8221;.vc_custom_1661162342933{margin-top: 0px !important;border-top-width: 0px !important;padding-top: 0px !important;}&#8221;][vc_row_inner][vc_column_inner width=&#8221;1\/6&#8243;][\/vc_column_inner][vc_column_inner width=&#8221;2\/3&#8243;]<style type=\"text\/css\" data-type=\"the7_shortcodes-inline-css\">.shortcode-single-image-wrap.shortcode-single-image-06d662b510220c7ff8fdb3d51fa5f280.enable-bg-rollover .rollover i,\n.shortcode-single-image-wrap.shortcode-single-image-06d662b510220c7ff8fdb3d51fa5f280.enable-bg-rollover .rollover-video i {\n  background: -webkit-linear-gradient();\n  background: linear-gradient();\n}\n.shortcode-single-image-wrap.shortcode-single-image-06d662b510220c7ff8fdb3d51fa5f280 .rollover-icon {\n  font-size: 32px;\n  color: #ffffff;\n  min-width: 44px;\n  min-height: 44px;\n  line-height: 44px;\n  border-radius: 100px;\n  border-style: solid;\n  border-width: 0px;\n}\n.dt-icon-bg-on.shortcode-single-image-wrap.shortcode-single-image-06d662b510220c7ff8fdb3d51fa5f280 .rollover-icon {\n  background: rgba(255,255,255,0.3);\n  box-shadow: none;\n}<\/style><div class=\"shortcode-single-image-wrap shortcode-single-image-06d662b510220c7ff8fdb3d51fa5f280 alignnone  vc_custom_1701102476680 enable-bg-rollover dt-icon-bg-off\" ><div class=\"shortcode-single-image\"><div class=\"fancy-media-wrap  layzr-bg\" style=\"\"><img fetchpriority=\"high\" decoding=\"async\" class=\"preload-me lazy-load aspect\" src=\"data:image\/svg+xml,%3Csvg%20xmlns%3D&#39;http%3A%2F%2Fwww.w3.org%2F2000%2Fsvg&#39;%20viewBox%3D&#39;0%200%20900%20375&#39;%2F%3E\" data-src=\"https:\/\/thisisadominoproject.org\/wp-content\/uploads\/2023\/11\/zenske-politike-buducnost-feministicke-borbe-VIZUAL-1-900x375.png\" data-srcset=\"https:\/\/thisisadominoproject.org\/wp-content\/uploads\/2023\/11\/zenske-politike-buducnost-feministicke-borbe-VIZUAL-1-900x375.png 900w, https:\/\/thisisadominoproject.org\/wp-content\/uploads\/2023\/11\/zenske-politike-buducnost-feministicke-borbe-VIZUAL-1.png 1500w\" loading=\"eager\" sizes=\"(max-width: 900px) 100vw, 900px\" width=\"900\" height=\"375\"  data-dt-location=\"https:\/\/thisisadominoproject.org\/en\/udruga-domino-this-is-a-domino-project\/zenske-politike-buducnost-feministicke-borbe-vizual\/\" style=\"--ratio: 900 \/ 375;\" alt=\"\u017denske politike - Budu\u0107nost feministi\u010dke borbe\" \/><\/div><\/div><\/div>[\/vc_column_inner][vc_column_inner width=&#8221;1\/6&#8243;][\/vc_column_inner][\/vc_row_inner][vc_row_inner][vc_column_inner width=&#8221;1\/6&#8243;][\/vc_column_inner][vc_column_inner width=&#8221;2\/3&#8243; css=&#8221;.vc_custom_1701214599560{padding-right: 15px !important;padding-left: 15px !important;background-color: #ffffff !important;}&#8221;][vc_column_text]\n<h2><span class=\"dt-highlight\" style=\"color: #ffffff; background: #000000 !important;\">European Feminist Conference <\/span>\n<span class=\"dt-highlight\" style=\"color: #ffffff; background: #e73351 !important;\">Women Politics &#8211; Shaping the Feminst Future<\/span>\n<span class=\"dt-highlight\" style=\"color: #ffffff; background: #000000 !important;\">December 1 and 2 in Zagreb<\/span><\/h2>\n<div class=\"gap\" style=\"line-height: 30px; height: 30px;\"><\/div>\n<p>The international conference and accompanying artistic and activist program organized by Association Domino on December 1 and 2 in Zagreb gathers more than 30 politicians, artists, activists from Croatia and Europe. The program begins at the House of Europe on Friday, December 1 at 12:30 p.m. with a panel on feminist activism with the participation of Jelena Vi\u0161nji\u0107 (SRB), Mirjana Ku\u010der (HR), Sanja Sarnavka (HR) and Arijana Leki\u0107-Fridrih (HR) moderated by Dorotea \u0160u\u0161ak (HR).<\/p>\n<p>Find out more at the link &#8211; <a href=\"https:\/\/thisisadominoproject.org\/en\/european-feminist-conference-women-politics\/\">European Feminist Conference<\/a><\/p>\n<div class=\"gap\" style=\"line-height: 10px; height: 10px;\"><\/div>\n<span class=\"dt-highlight\" style=\"color: #ffffff; background: #000000 !important;\"><b>CONFERENCE PROGRAM<\/b><\/span>\n<!-- EventON Calendar --><div id='evcal_calendar_572' class='list_cal ajde_evcal_calendar sev cev color esty_2 ' ><div id='evcal_head' class='calendar_header ' ><div class='evo_cal_above'><span class='evo-gototoday-btn' style='display:none' data-mo='12' data-yr='2023' data-dy=''>Current Month<\/span><\/div><div class='evo_cal_above_content'><\/div><\/div><div id='eventon_loadbar_section'><div id='eventon_loadbar'><\/div><\/div><!-- Events List --><div id='evcal_list' \r\n\t\t\t\t\tclass='eventon_events_list '><div class='eventon_list_event no_events'><p class='no_events' >No Events<\/p><\/div>\t\t\t<div class='clear'><\/div>\r\n\t\t\t<\/div>\r\n\t\t\t<div class='clear'><\/div>\r\n\t\t\t\t\t \t<div id='evcal_footer' class='evo_bottom' style='display:none'>\r\n\t\t \t\t<div class='evo_cal_data'  data-sc='{\"accord\":\"no\",\"bottom_nav\":\"no\",\"cal_id\":\"\",\"cal_init_nonajax\":\"no\",\"calendar_type\":\"list\",\"ep_fields\":\"\",\"etc_override\":\"no\",\"evc_open\":\"no\",\"event_count\":0,\"event_location\":\"all\",\"event_order\":\"ASC\",\"event_organizer\":\"all\",\"event_parts\":\"no\",\"event_past_future\":\"all\",\"event_status\":\"all\",\"event_tag\":\"all\",\"event_type\":\"1842\",\"event_type_2\":\"all\",\"event_type_3\":\"all\",\"event_type_4\":\"all\",\"event_type_5\":\"all\",\"event_virtual\":\"all\",\"eventtop_date_style\":0,\"eventtop_style\":\"2\",\"exp_jumper\":\"no\",\"exp_so\":\"no\",\"filter_relationship\":\"AND\",\"filter_show_set_only\":\"no\",\"filter_type\":\"default\",\"filters\":\"yes\",\"fixed_month\":\"12\",\"fixed_year\":\"2023\",\"focus_end_date_range\":\"1704067199\",\"focus_start_date_range\":\"1701388800\",\"ft_event_priority\":\"no\",\"hide_arrows\":\"no\",\"hide_cancels\":\"no\",\"hide_empty_months\":\"yes\",\"hide_end_time\":\"no\",\"hide_et_dn\":\"no\",\"hide_et_extra\":\"no\",\"hide_et_tags\":\"no\",\"hide_et_tl\":\"no\",\"hide_ft\":\"no\",\"hide_ft_img\":\"no\",\"hide_month_headers\":\"yes\",\"hide_mult_occur\":\"no\",\"hide_past\":\"no\",\"hide_past_by\":\"ee\",\"hide_so\":\"no\",\"ics\":\"no\",\"jumper\":\"no\",\"jumper_count\":5,\"jumper_offset\":\"0\",\"lang\":\"L1\",\"layout_changer\":\"no\",\"livenow_bar\":\"yes\",\"mapformat\":\"roadmap\",\"mapiconurl\":\"\",\"maps_load\":\"yes\",\"mapscroll\":\"true\",\"mapzoom\":\"18\",\"members_only\":\"no\",\"ml_priority\":\"no\",\"ml_toend\":\"no\",\"month_incre\":0,\"number_of_months\":\"1\",\"only_ft\":\"no\",\"pec\":\"\",\"s\":\"\",\"search\":\"\",\"search_all\":\"no\",\"sep_month\":\"no\",\"show_et_ft_img\":\"yes\",\"show_limit\":\"no\",\"show_limit_ajax\":\"no\",\"show_limit_paged\":1,\"show_limit_redir\":\"\",\"show_repeats\":\"yes\",\"show_upcoming\":0,\"show_year\":\"no\",\"social_share\":\"no\",\"sort_by\":\"sort_date\",\"tile_bg\":0,\"tile_bg_size\":\"full\",\"tile_count\":2,\"tile_height\":0,\"tile_style\":0,\"tiles\":\"no\",\"ux_val\":\"0\",\"view_switcher\":\"no\",\"wpml_l1\":\"\",\"wpml_l2\":\"\",\"wpml_l3\":\"\",\"yl_priority\":\"no\",\"yl_toend\":\"no\",\"fixed_day\":\"26\",\"_cver\":\"4.5.4\"}' data-od='{\"lang_no_events\":\"No Events\"}'><\/div>\r\n\t\t \t\t<div class='evo_cal_events' data-events=\"\"><\/div>\r\n\t\t \t<\/div>\r\n\t\t\t\t\r\n\t\t\t\r\n\t\t\t\t\t\t<\/div><!-- EventON End -->\r\n\t\t\t\n<p><strong>The project was supported by:<\/strong> City of Zagreb, Royal Netherlands Embassy in Zagreb, Croatia, Austrian Cultural Forum and the SOLIDARNA Foundation through the Culture in the Community program.<\/p>\n<p><strong>The program is co-financed by:<\/strong> European Union through the <em>Transatlantic Foundation<\/em> of the German US Marshall Fund.[\/vc_column_text]<style type=\"text\/css\" data-type=\"the7_shortcodes-inline-css\">.shortcode-single-image-wrap.shortcode-single-image-9032ab0cb54610726a2022acc0737e61.enable-bg-rollover .rollover i,\n.shortcode-single-image-wrap.shortcode-single-image-9032ab0cb54610726a2022acc0737e61.enable-bg-rollover .rollover-video i {\n  background: -webkit-linear-gradient();\n  background: linear-gradient();\n}\n.shortcode-single-image-wrap.shortcode-single-image-9032ab0cb54610726a2022acc0737e61 .rollover-icon {\n  font-size: 32px;\n  color: #ffffff;\n  min-width: 44px;\n  min-height: 44px;\n  line-height: 44px;\n  border-radius: 100px;\n  border-style: solid;\n  border-width: 0px;\n}\n.dt-icon-bg-on.shortcode-single-image-wrap.shortcode-single-image-9032ab0cb54610726a2022acc0737e61 .rollover-icon {\n  background: rgba(255,255,255,0.3);\n  box-shadow: none;\n}<\/style><div class=\"shortcode-single-image-wrap shortcode-single-image-9032ab0cb54610726a2022acc0737e61 alignnone  vc_custom_1701106415228 enable-bg-rollover dt-icon-bg-off\" ><div class=\"shortcode-single-image\"><div class=\"fancy-media-wrap  layzr-bg\" style=\"\"><img decoding=\"async\" class=\"preload-me lazy-load aspect\" src=\"data:image\/svg+xml,%3Csvg%20xmlns%3D&#39;http%3A%2F%2Fwww.w3.org%2F2000%2Fsvg&#39;%20viewBox%3D&#39;0%200%201800%20297&#39;%2F%3E\" data-src=\"https:\/\/thisisadominoproject.org\/wp-content\/uploads\/2023\/11\/feministicka-konferencija-logotipovi.jpg\" data-srcset=\"https:\/\/thisisadominoproject.org\/wp-content\/uploads\/2023\/11\/feministicka-konferencija-logotipovi.jpg 1800w\" loading=\"eager\" sizes=\"(max-width: 1800px) 100vw, 1800px\" width=\"1800\" height=\"297\"  data-dt-location=\"https:\/\/thisisadominoproject.org\/en\/udruga-domino-this-is-a-domino-project\/feministicka-konferencija-logotipovi\/\" style=\"--ratio: 1800 \/ 297;\" alt=\"\" \/><\/div><\/div><\/div>[\/vc_column_inner][vc_column_inner width=&#8221;1\/6&#8243;][\/vc_column_inner][\/vc_row_inner][\/vc_column][\/vc_row]\n<\/div>","protected":false},"excerpt":{"rendered":"<p>[vc_row full_width=&#8221;stretch_row&#8221; full_height=&#8221;yes&#8221; equal_height=&#8221;yes&#8221; bg_type=&#8221;image&#8221; parallax_style=&#8221;vcpb-default&#8221; bg_image_new=&#8221;id^32592|url^https:\/\/thisisadominoproject.org\/wp-content\/uploads\/2023\/11\/Untitled-2-3.jpg|caption^null|alt^null|title^Untitled-2|description^null&#8221; bg_image_repeat=&#8221;repeat-y&#8221; bg_image_size=&#8221;initial&#8221; bg_img_attach=&#8221;fixed&#8221; bg_override=&#8221;full&#8221; css=&#8221;.vc_custom_1701109941703{padding-top: 70px !important;padding-bottom: 70px !important;}&#8221;][vc_column css=&#8221;.vc_custom_1661162342933{margin-top: 0px !important;border-top-width: 0px !important;padding-top: 0px !important;}&#8221;][vc_row_inner][vc_column_inner width=&#8221;1\/6&#8243;][\/vc_column_inner][vc_column_inner width=&#8221;2\/3&#8243;][\/vc_column_inner][vc_column_inner width=&#8221;1\/6&#8243;][\/vc_column_inner][\/vc_row_inner][vc_row_inner][vc_column_inner width=&#8221;1\/6&#8243;][\/vc_column_inner][vc_column_inner width=&#8221;2\/3&#8243; css=&#8221;.vc_custom_1701214599560{padding-right: 15px !important;padding-left: 15px !important;background-color: #ffffff !important;}&#8221;][vc_column_text] The international conference and accompanying artistic and activist program organized by Association Domino on December 1 and 2 in Zagreb&hellip;<\/p>\n","protected":false},"author":1,"featured_media":0,"comment_status":"closed","ping_status":"closed","sticky":false,"template":"","format":"standard","meta":{"footnotes":""},"categories":[1744],"tags":[1945,1946,1983,1948,1949,1950,1951,1952,1953,1954,1955,1956,1957,1958,1959,1960,1961,1962,1963,1964,1965,1966,1967,1968,1969,1970,1971,1972,1973,1974,1975,1976,1977,1978,1979,1980,1984,1982],"class_list":["post-33016","post","type-post","status-publish","format-standard","hentry","category-uncategorized","tag-aleksandra-berberih-slana-si-en","tag-anne-kuhlmeyer-de-en","tag-arijana-lekic-fridrih-hr-en-2","tag-centar-za-zenske-studije-en","tag-charlotte-van-baak-en","tag-danka-derifaj-en","tag-dorotea-susak-hr-en","tag-dr-ema-kaiser-at-en","tag-duje-kovacevic-en","tag-franka-perkovic-hr-en","tag-ivana-dragicevic-hr-en","tag-jasenka-grujic-hr-en","tag-jelena-veljaca-hr-en","tag-jelena-visnjic-srb-en","tag-josipa-bubas-hr-en","tag-karla-jelic-hr-en","tag-keren-levi-nl-en","tag-kristina-lelovac-mcd-en","tag-kuca-europe-en","tag-lana-bobic-hr-en","tag-marko-matijevic-hr-en","tag-masenjka-bacic-hr-en","tag-merel-smitt-nl-en","tag-milena-zajovic-hr-en","tag-mirjana-kucer-hr-en","tag-muzej-grada-zagreba-en","tag-nada-peratovic-hr-en","tag-natasa-mackuljak-at-en","tag-nina-markus-hr-i-lea-orsus-hr-en","tag-oaza-en","tag-robert-biedron-en","tag-silvija-separovic-hr-en","tag-snjezana-pavic-hr-en","tag-tihana-barbaric-hr-en","tag-vera-tax-en","tag-visnja-ljubicic-en","tag-zenske-politike-buducnost-feministicke-borbe-en-2","tag-zvonimir-dobrovic-en","category-1744","description-off"],"yoast_head":"<!-- This site is optimized with the Yoast SEO plugin v27.4 - https:\/\/yoast.com\/product\/yoast-seo-wordpress\/ -->\n<title>Feminist Conference 2023 - Udruga Domino<\/title>\n<meta name=\"description\" content=\"The feminist conference &quot;Women&#039;s Politics - The Future of the Feminist Struggle&quot; was held in Zagreb on December 1 and 2, 2023.\" \/>\n<meta name=\"robots\" content=\"index, follow, max-snippet:-1, max-image-preview:large, max-video-preview:-1\" \/>\n<link rel=\"canonical\" href=\"https:\/\/thisisadominoproject.org\/en\/feminist-conference-2023\/\" \/>\n<meta property=\"og:locale\" content=\"en_US\" \/>\n<meta property=\"og:type\" content=\"article\" \/>\n<meta property=\"og:title\" content=\"Feminist Conference 2023 - Udruga Domino\" \/>\n<meta property=\"og:description\" content=\"The feminist conference &quot;Women&#039;s Politics - The Future of the Feminist Struggle&quot; was held in Zagreb on December 1 and 2, 2023.\" \/>\n<meta property=\"og:url\" content=\"https:\/\/thisisadominoproject.org\/en\/feminist-conference-2023\/\" \/>\n<meta property=\"og:site_name\" content=\"Udruga Domino\" \/>\n<meta property=\"article:publisher\" content=\"https:\/\/www.facebook.com\/thisisadominoproject\" \/>\n<meta property=\"article:published_time\" content=\"2024-01-30T11:57:56+00:00\" \/>\n<meta property=\"article:modified_time\" content=\"2024-01-30T15:02:32+00:00\" \/>\n<meta property=\"og:image\" content=\"https:\/\/thisisadominoproject.org\/wp-content\/uploads\/2018\/04\/thisisadominoproject.jpg\" \/>\n\t<meta property=\"og:image:width\" content=\"1000\" \/>\n\t<meta property=\"og:image:height\" content=\"700\" \/>\n\t<meta property=\"og:image:type\" content=\"image\/jpeg\" \/>\n<meta name=\"author\" content=\"admin\" \/>\n<meta name=\"twitter:card\" content=\"summary_large_image\" \/>\n<meta name=\"twitter:label1\" content=\"Written by\" \/>\n\t<meta name=\"twitter:data1\" content=\"admin\" \/>\n\t<meta name=\"twitter:label2\" content=\"Est. reading time\" \/>\n\t<meta name=\"twitter:data2\" content=\"2 minutes\" \/>\n<script type=\"application\/ld+json\" class=\"yoast-schema-graph\">{\"@context\":\"https:\\\/\\\/schema.org\",\"@graph\":[{\"@type\":\"Article\",\"@id\":\"https:\\\/\\\/thisisadominoproject.org\\\/en\\\/feminist-conference-2023\\\/#article\",\"isPartOf\":{\"@id\":\"https:\\\/\\\/thisisadominoproject.org\\\/en\\\/feminist-conference-2023\\\/\"},\"author\":{\"name\":\"admin\",\"@id\":\"https:\\\/\\\/thisisadominoproject.org\\\/en\\\/#\\\/schema\\\/person\\\/a2aa55b889ff99570530210c94e5c77c\"},\"headline\":\"Feminist Conference 2023\",\"datePublished\":\"2024-01-30T11:57:56+00:00\",\"dateModified\":\"2024-01-30T15:02:32+00:00\",\"mainEntityOfPage\":{\"@id\":\"https:\\\/\\\/thisisadominoproject.org\\\/en\\\/feminist-conference-2023\\\/\"},\"wordCount\":411,\"publisher\":{\"@id\":\"https:\\\/\\\/thisisadominoproject.org\\\/en\\\/#organization\"},\"keywords\":[\"Aleksandra Berberih Slana (SI)\",\"Anne K\u00fchlmeyer (DE)\",\"Arijana Leki\u0107 - Fridrih (HR)\",\"centar za \u017eenske studije\",\"charlotte van baak\",\"danka derifaj\",\"Dorotea \u0160u\u0161ak (HR)\",\"Dr. Ema Kaiser (AT)\",\"Duje Kova\u010devi\u0107\",\"Franka Perkovi\u0107 (HR)\",\"Ivana Dragi\u010devi\u0107 (HR)\",\"Jasenka Gruji\u0107 (HR)\",\"Jelena Velja\u010da (HR)\",\"Jelena Vi\u0161nji\u0107 (SRB)\",\"Josipa Buba\u0161 (HR)\",\"Karla Jeli\u0107 (HR)\",\"Keren Levi (NL)\",\"Kristina Lelovac (MCD)\",\"kuca europe\",\"Lana Bobi\u0107 (HR)\",\"Marko Matijevi\u0107 (HR)\",\"Ma\u0161enjka Ba\u010di\u0107 (HR)\",\"Merel Smitt (NL)\",\"Milena Zajovi\u0107 (HR)\",\"Mirjana Ku\u010der (HR)\",\"Muzej grada Zagreba\",\"Nada Peratovi\u0107 (HR)\",\"Nata\u0161a Mackuljak (AT)\",\"Nina Markus (HR) i Lea Or\u0161us (HR)\",\"oaza\",\"Robert Biedro\u0144\",\"Silvija \u0160eparovi\u0107 (HR)\",\"Snje\u017eana Pavi\u0107 (HR)\",\"Tihana Barbari\u0107 (HR)\",\"Vera Tax\",\"vi\u0161nja ljubi\u010di\u0107\",\"\u017eenske politike - budu\u0107nost feministi\u010dke borbe\",\"zvonimir dobrovi\u0107\"],\"inLanguage\":\"en-US\"},{\"@type\":\"WebPage\",\"@id\":\"https:\\\/\\\/thisisadominoproject.org\\\/en\\\/feminist-conference-2023\\\/\",\"url\":\"https:\\\/\\\/thisisadominoproject.org\\\/en\\\/feminist-conference-2023\\\/\",\"name\":\"Feminist Conference 2023 - Udruga Domino\",\"isPartOf\":{\"@id\":\"https:\\\/\\\/thisisadominoproject.org\\\/en\\\/#website\"},\"datePublished\":\"2024-01-30T11:57:56+00:00\",\"dateModified\":\"2024-01-30T15:02:32+00:00\",\"description\":\"The feminist conference \\\"Women's Politics - The Future of the Feminist Struggle\\\" was held in Zagreb on December 1 and 2, 2023.\",\"breadcrumb\":{\"@id\":\"https:\\\/\\\/thisisadominoproject.org\\\/en\\\/feminist-conference-2023\\\/#breadcrumb\"},\"inLanguage\":\"en-US\",\"potentialAction\":[{\"@type\":\"ReadAction\",\"target\":[\"https:\\\/\\\/thisisadominoproject.org\\\/en\\\/feminist-conference-2023\\\/\"]}]},{\"@type\":\"BreadcrumbList\",\"@id\":\"https:\\\/\\\/thisisadominoproject.org\\\/en\\\/feminist-conference-2023\\\/#breadcrumb\",\"itemListElement\":[{\"@type\":\"ListItem\",\"position\":1,\"name\":\"Po\u010detna\",\"item\":\"https:\\\/\\\/thisisadominoproject.org\\\/en\\\/\"},{\"@type\":\"ListItem\",\"position\":2,\"name\":\"Feminist Conference 2023\"}]},{\"@type\":\"WebSite\",\"@id\":\"https:\\\/\\\/thisisadominoproject.org\\\/en\\\/#website\",\"url\":\"https:\\\/\\\/thisisadominoproject.org\\\/en\\\/\",\"name\":\"Udruga Domino\",\"description\":\"This is a Domino project\",\"publisher\":{\"@id\":\"https:\\\/\\\/thisisadominoproject.org\\\/en\\\/#organization\"},\"potentialAction\":[{\"@type\":\"SearchAction\",\"target\":{\"@type\":\"EntryPoint\",\"urlTemplate\":\"https:\\\/\\\/thisisadominoproject.org\\\/en\\\/?s={search_term_string}\"},\"query-input\":{\"@type\":\"PropertyValueSpecification\",\"valueRequired\":true,\"valueName\":\"search_term_string\"}}],\"inLanguage\":\"en-US\"},{\"@type\":\"Organization\",\"@id\":\"https:\\\/\\\/thisisadominoproject.org\\\/en\\\/#organization\",\"name\":\"Udruga Domino\",\"url\":\"https:\\\/\\\/thisisadominoproject.org\\\/en\\\/\",\"logo\":{\"@type\":\"ImageObject\",\"inLanguage\":\"en-US\",\"@id\":\"https:\\\/\\\/thisisadominoproject.org\\\/en\\\/#\\\/schema\\\/logo\\\/image\\\/\",\"url\":\"https:\\\/\\\/thisisadominoproject.org\\\/wp-content\\\/uploads\\\/2018\\\/04\\\/cropped-ICON.png\",\"contentUrl\":\"https:\\\/\\\/thisisadominoproject.org\\\/wp-content\\\/uploads\\\/2018\\\/04\\\/cropped-ICON.png\",\"width\":512,\"height\":512,\"caption\":\"Udruga Domino\"},\"image\":{\"@id\":\"https:\\\/\\\/thisisadominoproject.org\\\/en\\\/#\\\/schema\\\/logo\\\/image\\\/\"},\"sameAs\":[\"https:\\\/\\\/www.facebook.com\\\/thisisadominoproject\",\"https:\\\/\\\/www.instagram.com\\\/this_is_a_domino_project\\\/\"]},{\"@type\":\"Person\",\"@id\":\"https:\\\/\\\/thisisadominoproject.org\\\/en\\\/#\\\/schema\\\/person\\\/a2aa55b889ff99570530210c94e5c77c\",\"name\":\"admin\"}]}<\/script>\n<!-- \/ Yoast SEO plugin. -->","yoast_head_json":{"title":"Feminist Conference 2023 - Udruga Domino","description":"The feminist conference \"Women's Politics - The Future of the Feminist Struggle\" was held in Zagreb on December 1 and 2, 2023.","robots":{"index":"index","follow":"follow","max-snippet":"max-snippet:-1","max-image-preview":"max-image-preview:large","max-video-preview":"max-video-preview:-1"},"canonical":"https:\/\/thisisadominoproject.org\/en\/feminist-conference-2023\/","og_locale":"en_US","og_type":"article","og_title":"Feminist Conference 2023 - Udruga Domino","og_description":"The feminist conference \"Women's Politics - The Future of the Feminist Struggle\" was held in Zagreb on December 1 and 2, 2023.","og_url":"https:\/\/thisisadominoproject.org\/en\/feminist-conference-2023\/","og_site_name":"Udruga Domino","article_publisher":"https:\/\/www.facebook.com\/thisisadominoproject","article_published_time":"2024-01-30T11:57:56+00:00","article_modified_time":"2024-01-30T15:02:32+00:00","og_image":[{"width":1000,"height":700,"url":"https:\/\/thisisadominoproject.org\/wp-content\/uploads\/2018\/04\/thisisadominoproject.jpg","type":"image\/jpeg"}],"author":"admin","twitter_card":"summary_large_image","twitter_misc":{"Written by":"admin","Est. reading time":"2 minutes"},"schema":{"@context":"https:\/\/schema.org","@graph":[{"@type":"Article","@id":"https:\/\/thisisadominoproject.org\/en\/feminist-conference-2023\/#article","isPartOf":{"@id":"https:\/\/thisisadominoproject.org\/en\/feminist-conference-2023\/"},"author":{"name":"admin","@id":"https:\/\/thisisadominoproject.org\/en\/#\/schema\/person\/a2aa55b889ff99570530210c94e5c77c"},"headline":"Feminist Conference 2023","datePublished":"2024-01-30T11:57:56+00:00","dateModified":"2024-01-30T15:02:32+00:00","mainEntityOfPage":{"@id":"https:\/\/thisisadominoproject.org\/en\/feminist-conference-2023\/"},"wordCount":411,"publisher":{"@id":"https:\/\/thisisadominoproject.org\/en\/#organization"},"keywords":["Aleksandra Berberih Slana (SI)","Anne K\u00fchlmeyer (DE)","Arijana Leki\u0107 - Fridrih (HR)","centar za \u017eenske studije","charlotte van baak","danka derifaj","Dorotea \u0160u\u0161ak (HR)","Dr. Ema Kaiser (AT)","Duje Kova\u010devi\u0107","Franka Perkovi\u0107 (HR)","Ivana Dragi\u010devi\u0107 (HR)","Jasenka Gruji\u0107 (HR)","Jelena Velja\u010da (HR)","Jelena Vi\u0161nji\u0107 (SRB)","Josipa Buba\u0161 (HR)","Karla Jeli\u0107 (HR)","Keren Levi (NL)","Kristina Lelovac (MCD)","kuca europe","Lana Bobi\u0107 (HR)","Marko Matijevi\u0107 (HR)","Ma\u0161enjka Ba\u010di\u0107 (HR)","Merel Smitt (NL)","Milena Zajovi\u0107 (HR)","Mirjana Ku\u010der (HR)","Muzej grada Zagreba","Nada Peratovi\u0107 (HR)","Nata\u0161a Mackuljak (AT)","Nina Markus (HR) i Lea Or\u0161us (HR)","oaza","Robert Biedro\u0144","Silvija \u0160eparovi\u0107 (HR)","Snje\u017eana Pavi\u0107 (HR)","Tihana Barbari\u0107 (HR)","Vera Tax","vi\u0161nja ljubi\u010di\u0107","\u017eenske politike - budu\u0107nost feministi\u010dke borbe","zvonimir dobrovi\u0107"],"inLanguage":"en-US"},{"@type":"WebPage","@id":"https:\/\/thisisadominoproject.org\/en\/feminist-conference-2023\/","url":"https:\/\/thisisadominoproject.org\/en\/feminist-conference-2023\/","name":"Feminist Conference 2023 - Udruga Domino","isPartOf":{"@id":"https:\/\/thisisadominoproject.org\/en\/#website"},"datePublished":"2024-01-30T11:57:56+00:00","dateModified":"2024-01-30T15:02:32+00:00","description":"The feminist conference \"Women's Politics - The Future of the Feminist Struggle\" was held in Zagreb on December 1 and 2, 2023.","breadcrumb":{"@id":"https:\/\/thisisadominoproject.org\/en\/feminist-conference-2023\/#breadcrumb"},"inLanguage":"en-US","potentialAction":[{"@type":"ReadAction","target":["https:\/\/thisisadominoproject.org\/en\/feminist-conference-2023\/"]}]},{"@type":"BreadcrumbList","@id":"https:\/\/thisisadominoproject.org\/en\/feminist-conference-2023\/#breadcrumb","itemListElement":[{"@type":"ListItem","position":1,"name":"Po\u010detna","item":"https:\/\/thisisadominoproject.org\/en\/"},{"@type":"ListItem","position":2,"name":"Feminist Conference 2023"}]},{"@type":"WebSite","@id":"https:\/\/thisisadominoproject.org\/en\/#website","url":"https:\/\/thisisadominoproject.org\/en\/","name":"Udruga Domino","description":"This is a Domino project","publisher":{"@id":"https:\/\/thisisadominoproject.org\/en\/#organization"},"potentialAction":[{"@type":"SearchAction","target":{"@type":"EntryPoint","urlTemplate":"https:\/\/thisisadominoproject.org\/en\/?s={search_term_string}"},"query-input":{"@type":"PropertyValueSpecification","valueRequired":true,"valueName":"search_term_string"}}],"inLanguage":"en-US"},{"@type":"Organization","@id":"https:\/\/thisisadominoproject.org\/en\/#organization","name":"Udruga Domino","url":"https:\/\/thisisadominoproject.org\/en\/","logo":{"@type":"ImageObject","inLanguage":"en-US","@id":"https:\/\/thisisadominoproject.org\/en\/#\/schema\/logo\/image\/","url":"https:\/\/thisisadominoproject.org\/wp-content\/uploads\/2018\/04\/cropped-ICON.png","contentUrl":"https:\/\/thisisadominoproject.org\/wp-content\/uploads\/2018\/04\/cropped-ICON.png","width":512,"height":512,"caption":"Udruga Domino"},"image":{"@id":"https:\/\/thisisadominoproject.org\/en\/#\/schema\/logo\/image\/"},"sameAs":["https:\/\/www.facebook.com\/thisisadominoproject","https:\/\/www.instagram.com\/this_is_a_domino_project\/"]},{"@type":"Person","@id":"https:\/\/thisisadominoproject.org\/en\/#\/schema\/person\/a2aa55b889ff99570530210c94e5c77c","name":"admin"}]}},"_links":{"self":[{"href":"https:\/\/thisisadominoproject.org\/en\/wp-json\/wp\/v2\/posts\/33016","targetHints":{"allow":["GET"]}}],"collection":[{"href":"https:\/\/thisisadominoproject.org\/en\/wp-json\/wp\/v2\/posts"}],"about":[{"href":"https:\/\/thisisadominoproject.org\/en\/wp-json\/wp\/v2\/types\/post"}],"author":[{"embeddable":true,"href":"https:\/\/thisisadominoproject.org\/en\/wp-json\/wp\/v2\/users\/1"}],"replies":[{"embeddable":true,"href":"https:\/\/thisisadominoproject.org\/en\/wp-json\/wp\/v2\/comments?post=33016"}],"version-history":[{"count":8,"href":"https:\/\/thisisadominoproject.org\/en\/wp-json\/wp\/v2\/posts\/33016\/revisions"}],"predecessor-version":[{"id":33029,"href":"https:\/\/thisisadominoproject.org\/en\/wp-json\/wp\/v2\/posts\/33016\/revisions\/33029"}],"wp:attachment":[{"href":"https:\/\/thisisadominoproject.org\/en\/wp-json\/wp\/v2\/media?parent=33016"}],"wp:term":[{"taxonomy":"category","embeddable":true,"href":"https:\/\/thisisadominoproject.org\/en\/wp-json\/wp\/v2\/categories?post=33016"},{"taxonomy":"post_tag","embeddable":true,"href":"https:\/\/thisisadominoproject.org\/en\/wp-json\/wp\/v2\/tags?post=33016"}],"curies":[{"name":"wp","href":"https:\/\/api.w.org\/{rel}","templated":true}]}}