{"id":37228,"date":"2025-09-05T09:16:28","date_gmt":"2025-09-05T09:16:28","guid":{"rendered":"https:\/\/thisisadominoproject.org\/?p=37228"},"modified":"2025-09-05T09:39:39","modified_gmt":"2025-09-05T09:39:39","slug":"33rd-silent-mass-in-zagreb-arijana-lekic-fridrih","status":"publish","type":"post","link":"https:\/\/thisisadominoproject.org\/en\/33rd-silent-mass-in-zagreb-arijana-lekic-fridrih\/","title":{"rendered":"34th Silent Mass in Zagreb: Arijana Leki\u0107-Fridrih"},"content":{"rendered":"\t\t<div data-elementor-type=\"wp-post\" data-elementor-id=\"37228\" class=\"elementor elementor-37228 elementor-37227\">\n\t\t\t\t\t\t<section class=\"elementor-section elementor-top-section elementor-element elementor-element-2abe0d5 elementor-section-boxed elementor-section-height-default elementor-section-height-default\" data-id=\"2abe0d5\" data-element_type=\"section\" data-e-type=\"section\">\n\t\t\t\t\t\t<div class=\"elementor-container elementor-column-gap-default\">\n\t\t\t\t\t<div class=\"elementor-column elementor-col-100 elementor-top-column elementor-element elementor-element-1393eef\" data-id=\"1393eef\" data-element_type=\"column\" data-e-type=\"column\">\n\t\t\t<div class=\"elementor-widget-wrap elementor-element-populated\">\n\t\t\t\t\t\t<div class=\"elementor-element elementor-element-b61ad13 elementor-widget elementor-widget-text-editor\" data-id=\"b61ad13\" data-element_type=\"widget\" data-e-type=\"widget\" data-widget_type=\"text-editor.default\">\n\t\t\t\t<div class=\"elementor-widget-container\">\n\t\t\t\t\t\t\t\t\t<p><b>A silent mass<\/b> <span style=\"font-weight: 400;\">will be held at<\/span><b>  34. The first time in Zagreb, on Saturday, at 8:30 a.m., at Ban Jela\u010di\u0107 Square.<\/b> <span style=\"font-weight: 400;\">This collective intervention in public space<\/span> <b>by artist Arijana Leki\u0107-Fridrih<\/b><span style=\"font-weight: 400;\">  is dedicated to the nine women who were victims of femicide in Croatia this year \u2013 murders that could have been prevented. In just the first eight months of 2025, nine women were murdered \u2013 nine lives cut short due to the systematic inefficiency of institutions, failure to implement the law and lack of political will. One woman is a victim of femicide every month. Despite changes in the law and declarative strategies, real protection is lacking.    <\/span><\/p>\n\t\t\t\t\t\t\t\t<\/div>\n\t\t\t\t<\/div>\n\t\t\t\t\t<\/div>\n\t\t<\/div>\n\t\t\t\t\t<\/div>\n\t\t<\/section>\n\t\t\t\t<section class=\"elementor-section elementor-top-section elementor-element elementor-element-537e987 elementor-section-boxed elementor-section-height-default elementor-section-height-default\" data-id=\"537e987\" data-element_type=\"section\" data-e-type=\"section\">\n\t\t\t\t\t\t<div class=\"elementor-container elementor-column-gap-default\">\n\t\t\t\t\t<div class=\"elementor-column elementor-col-50 elementor-top-column elementor-element elementor-element-e31083c\" data-id=\"e31083c\" data-element_type=\"column\" data-e-type=\"column\">\n\t\t\t<div class=\"elementor-widget-wrap elementor-element-populated\">\n\t\t\t\t\t\t<div class=\"elementor-element elementor-element-0287bc4 elementor-widget elementor-widget-text-editor\" data-id=\"0287bc4\" data-element_type=\"widget\" data-e-type=\"widget\" data-widget_type=\"text-editor.default\">\n\t\t\t\t<div class=\"elementor-widget-container\">\n\t\t\t\t\t\t\t\t\t<p><span style=\"font-weight: 400;\">Silent mass is held in response to regular<\/span> <b>gatherings of men<\/b><span style=\"font-weight: 400;\">  who, under the guise of praying the rosary, promote messages that deny women equality and violate their constitutionally guaranteed rights. At the same time, while symbolically calling for submission and the \u201creturn of order,\u201d the number of murdered women is inexorably increasing. <\/span><\/p>\n<p><span style=\"font-weight: 400;\">This Silent Mass is also dedicated to the rise of nationalism, of which the alleged prayer of the rosary in city squares across Croatia is just one symptom. The Silent Mass is not just a performance \u2013 it is a call to responsibility. To the responsibility of those politicians who remain silent while women lose their lives. To the responsibility of county, city and municipal authorities who have the tools to act, but do not use them. And to the responsibility of us \u2013 citizens \u2013 to reject the messages that push women into silence, subservience and danger.    <\/span><\/p>\n<p><span style=\"font-weight: 400;\">In a society where men are already<\/span> gathering <b>in 25 Croatian cities<\/b> <span style=\"font-weight: 400;\">in an organized and financed way to &#8220;pray the rosary&#8221;, fence off public spaces without permits, and segregate access based on gender and against the Constitution, our task is clear: to remind that a woman&#8217;s place is wherever she wants it &#8211; in life, in public spaces, and in the law.<\/span><\/p>\n\t\t\t\t\t\t\t\t<\/div>\n\t\t\t\t<\/div>\n\t\t\t\t\t<\/div>\n\t\t<\/div>\n\t\t\t\t<div class=\"elementor-column elementor-col-50 elementor-top-column elementor-element elementor-element-d434bfb\" data-id=\"d434bfb\" data-element_type=\"column\" data-e-type=\"column\">\n\t\t\t<div class=\"elementor-widget-wrap elementor-element-populated\">\n\t\t\t\t\t\t<div class=\"elementor-element elementor-element-ca71664 elementor-widget elementor-widget-image\" data-id=\"ca71664\" data-element_type=\"widget\" data-e-type=\"widget\" data-widget_type=\"image.default\">\n\t\t\t\t<div class=\"elementor-widget-container\">\n\t\t\t\t\t\t\t\t\t\t\t\t\t\t\t<img decoding=\"async\" src=\"https:\/\/thisisadominoproject.org\/wp-content\/uploads\/2025\/05\/Tiha-misa-u-Splitu-scaled.jpg\" title=\"Tiha misa u Splitu\" alt=\"Tiha misa u Splitu\" loading=\"lazy\" \/>\t\t\t\t\t\t\t\t\t\t\t\t\t\t\t<\/div>\n\t\t\t\t<\/div>\n\t\t\t\t\t<\/div>\n\t\t<\/div>\n\t\t\t\t\t<\/div>\n\t\t<\/section>\n\t\t\t\t<section class=\"elementor-section elementor-top-section elementor-element elementor-element-ba2bbbe elementor-section-boxed elementor-section-height-default elementor-section-height-default\" data-id=\"ba2bbbe\" data-element_type=\"section\" data-e-type=\"section\">\n\t\t\t\t\t\t<div class=\"elementor-container elementor-column-gap-default\">\n\t\t\t\t\t<div class=\"elementor-column elementor-col-100 elementor-top-column elementor-element elementor-element-194e025\" data-id=\"194e025\" data-element_type=\"column\" data-e-type=\"column\">\n\t\t\t<div class=\"elementor-widget-wrap elementor-element-populated\">\n\t\t\t\t\t\t<div class=\"elementor-element elementor-element-b8ed6cf elementor-widget elementor-widget-text-editor\" data-id=\"b8ed6cf\" data-element_type=\"widget\" data-e-type=\"widget\" data-widget_type=\"text-editor.default\">\n\t\t\t\t<div class=\"elementor-widget-container\">\n\t\t\t\t\t\t\t\t\t<p><span style=\"font-weight: 400;\">We also emphasize that we did not follow<\/span> <b>the instructions of the HDLU.<\/b> <span style=\"font-weight: 400;\">issued this month, nor do we plan to, because we consider them equally dangerous and cowardly. We remind you that an attack on artists and members of the media is a path towards totalitarianism, but also that a vocal minority cannot intimidate us as it did with the Government of the Republic of Croatia. The absence of an unequivocal reaction is a kind of unequivocal reaction in itself &#8211; but one that rolls over the backs of women, journalists, artists and freedom of speech, expression and creation.    <\/span><\/p>\n<p><span style=\"font-weight: 400;\">We are still waiting for a decisive reaction from the government and the opposition, because ignoring such gatherings means participating in the normalization of discrimination.  <\/span><\/p>\n<p><span style=\"font-weight: 400;\">Our message is clear: women in this society must be protected \u2013 both from domestic violence and from the normalized discriminatory messages that come from \u201cprayer.\u201d The state still does not have strong enough mechanisms for this, and until it develops them, the responsibility remains with us to remind them of this and to demand them. <\/span><\/p>\n<p><span style=\"font-weight: 400;\">We invite all citizens to join us.<\/span><b>  34. Silent mass<\/b><span style=\"font-weight: 400;\">  and initiatives in their cities and towns, and to jointly express support for victims and solidarity in the fight for a society without violence.<\/span><\/p>\n\t\t\t\t\t\t\t\t<\/div>\n\t\t\t\t<\/div>\n\t\t\t\t\t<\/div>\n\t\t<\/div>\n\t\t\t\t\t<\/div>\n\t\t<\/section>\n\t\t\t\t<section class=\"elementor-section elementor-top-section elementor-element elementor-element-f436640 elementor-section-boxed elementor-section-height-default elementor-section-height-default\" data-id=\"f436640\" data-element_type=\"section\" data-e-type=\"section\">\n\t\t\t\t\t\t<div class=\"elementor-container elementor-column-gap-default\">\n\t\t\t\t\t<div class=\"elementor-column elementor-col-100 elementor-top-column elementor-element elementor-element-ba9ee22\" data-id=\"ba9ee22\" data-element_type=\"column\" data-e-type=\"column\">\n\t\t\t<div class=\"elementor-widget-wrap elementor-element-populated\">\n\t\t\t\t\t\t<div class=\"elementor-element elementor-element-e18daad elementor-widget elementor-widget-image\" data-id=\"e18daad\" data-element_type=\"widget\" data-e-type=\"widget\" data-widget_type=\"image.default\">\n\t\t\t\t<div class=\"elementor-widget-container\">\n\t\t\t\t\t\t\t\t\t\t\t\t\t\t\t<img fetchpriority=\"high\" decoding=\"async\" width=\"1024\" height=\"683\" src=\"https:\/\/thisisadominoproject.org\/wp-content\/uploads\/2025\/05\/Tiha-misa-u-Splitu.jpg-1024x683.jpg\" class=\"attachment-large size-large wp-image-36187\" alt=\"\" srcset=\"https:\/\/thisisadominoproject.org\/wp-content\/uploads\/2025\/05\/Tiha-misa-u-Splitu.jpg-1024x683.jpg 1024w, https:\/\/thisisadominoproject.org\/wp-content\/uploads\/2025\/05\/Tiha-misa-u-Splitu.jpg-300x200.jpg 300w, https:\/\/thisisadominoproject.org\/wp-content\/uploads\/2025\/05\/Tiha-misa-u-Splitu.jpg-768x512.jpg 768w, https:\/\/thisisadominoproject.org\/wp-content\/uploads\/2025\/05\/Tiha-misa-u-Splitu.jpg-1536x1024.jpg 1536w, https:\/\/thisisadominoproject.org\/wp-content\/uploads\/2025\/05\/Tiha-misa-u-Splitu.jpg-scaled.jpg 1800w\" sizes=\"(max-width: 1024px) 100vw, 1024px\" \/>\t\t\t\t\t\t\t\t\t\t\t\t\t\t\t<\/div>\n\t\t\t\t<\/div>\n\t\t\t\t\t<\/div>\n\t\t<\/div>\n\t\t\t\t\t<\/div>\n\t\t<\/section>\n\t\t\t\t<\/div>\n\t\t","protected":false},"excerpt":{"rendered":"<p>A silent mass will be held at 34. The first time in Zagreb, on Saturday, at 8:30 a.m., at Ban Jela\u010di\u0107 Square. This collective intervention in public space by artist Arijana Leki\u0107-Fridrih is dedicated to the nine women who were victims of femicide in Croatia this year \u2013 murders that could have been prevented. In&hellip;<\/p>\n","protected":false},"author":1,"featured_media":35353,"comment_status":"closed","ping_status":"closed","sticky":false,"template":"","format":"standard","meta":{"footnotes":""},"categories":[2005,2403],"tags":[1798,2389,2400,2402,2401],"class_list":["post-37228","post","type-post","status-publish","format-standard","has-post-thumbnail","hentry","category-news-en","category-silent-mass-en","tag-arijana-lekic-fridrih-en","tag-domino-en","tag-performance-en-2","tag-silent-mass-en","tag-zagreb-en"],"yoast_head":"<!-- This site is optimized with the Yoast SEO plugin v27.4 - https:\/\/yoast.com\/product\/yoast-seo-wordpress\/ -->\n<title>34th Silent Mass in Zagreb: Arijana Leki\u0107-Fridrih - Udruga Domino<\/title>\n<meta name=\"description\" content=\"34. Silent Mass by artist Arijana Leki\u0107-Fridirh is coming to Zagreb.\" \/>\n<meta name=\"robots\" content=\"index, follow, max-snippet:-1, max-image-preview:large, max-video-preview:-1\" \/>\n<link rel=\"canonical\" href=\"https:\/\/thisisadominoproject.org\/en\/33rd-silent-mass-in-zagreb-arijana-lekic-fridrih\/\" \/>\n<meta property=\"og:locale\" content=\"en_US\" \/>\n<meta property=\"og:type\" content=\"article\" \/>\n<meta property=\"og:title\" content=\"34th Silent Mass in Zagreb: Arijana Leki\u0107-Fridrih - Udruga Domino\" \/>\n<meta property=\"og:description\" content=\"34. Silent Mass by artist Arijana Leki\u0107-Fridirh is coming to Zagreb.\" \/>\n<meta property=\"og:url\" content=\"https:\/\/thisisadominoproject.org\/en\/33rd-silent-mass-in-zagreb-arijana-lekic-fridrih\/\" \/>\n<meta property=\"og:site_name\" content=\"Udruga Domino\" \/>\n<meta property=\"article:publisher\" content=\"https:\/\/www.facebook.com\/thisisadominoproject\" \/>\n<meta property=\"article:published_time\" content=\"2025-09-05T09:16:28+00:00\" \/>\n<meta property=\"article:modified_time\" content=\"2025-09-05T09:39:39+00:00\" \/>\n<meta property=\"og:image\" content=\"https:\/\/thisisadominoproject.org\/wp-content\/uploads\/2025\/02\/Arijana-Lekic-Fridrih_Tiha-misa_ljubaznoscu-umjetnice.jpg\" \/>\n\t<meta property=\"og:image:width\" content=\"1800\" \/>\n\t<meta property=\"og:image:height\" content=\"1200\" \/>\n\t<meta property=\"og:image:type\" content=\"image\/jpeg\" \/>\n<meta name=\"author\" content=\"admin\" \/>\n<meta name=\"twitter:card\" content=\"summary_large_image\" \/>\n<meta name=\"twitter:label1\" content=\"Written by\" \/>\n\t<meta name=\"twitter:data1\" content=\"admin\" \/>\n\t<meta name=\"twitter:label2\" content=\"Est. reading time\" \/>\n\t<meta name=\"twitter:data2\" content=\"3 minutes\" \/>\n<script type=\"application\/ld+json\" class=\"yoast-schema-graph\">{\"@context\":\"https:\\\/\\\/schema.org\",\"@graph\":[{\"@type\":\"Article\",\"@id\":\"https:\\\/\\\/thisisadominoproject.org\\\/en\\\/33rd-silent-mass-in-zagreb-arijana-lekic-fridrih\\\/#article\",\"isPartOf\":{\"@id\":\"https:\\\/\\\/thisisadominoproject.org\\\/en\\\/33rd-silent-mass-in-zagreb-arijana-lekic-fridrih\\\/\"},\"author\":{\"name\":\"admin\",\"@id\":\"https:\\\/\\\/thisisadominoproject.org\\\/en\\\/#\\\/schema\\\/person\\\/a2aa55b889ff99570530210c94e5c77c\"},\"headline\":\"34th Silent Mass in Zagreb: Arijana Leki\u0107-Fridrih\",\"datePublished\":\"2025-09-05T09:16:28+00:00\",\"dateModified\":\"2025-09-05T09:39:39+00:00\",\"mainEntityOfPage\":{\"@id\":\"https:\\\/\\\/thisisadominoproject.org\\\/en\\\/33rd-silent-mass-in-zagreb-arijana-lekic-fridrih\\\/\"},\"wordCount\":539,\"publisher\":{\"@id\":\"https:\\\/\\\/thisisadominoproject.org\\\/en\\\/#organization\"},\"image\":{\"@id\":\"https:\\\/\\\/thisisadominoproject.org\\\/en\\\/33rd-silent-mass-in-zagreb-arijana-lekic-fridrih\\\/#primaryimage\"},\"thumbnailUrl\":\"https:\\\/\\\/thisisadominoproject.org\\\/wp-content\\\/uploads\\\/2025\\\/02\\\/Arijana-Lekic-Fridrih_Tiha-misa_ljubaznoscu-umjetnice.jpg\",\"keywords\":[\"Arijana Leki\u0107 Fridrih\",\"domino\",\"performance\",\"silent mass\",\"Zagreb\"],\"articleSection\":[\"NEWS\",\"silent mass\"],\"inLanguage\":\"en-US\"},{\"@type\":\"WebPage\",\"@id\":\"https:\\\/\\\/thisisadominoproject.org\\\/en\\\/33rd-silent-mass-in-zagreb-arijana-lekic-fridrih\\\/\",\"url\":\"https:\\\/\\\/thisisadominoproject.org\\\/en\\\/33rd-silent-mass-in-zagreb-arijana-lekic-fridrih\\\/\",\"name\":\"34th Silent Mass in Zagreb: Arijana Leki\u0107-Fridrih - Udruga Domino\",\"isPartOf\":{\"@id\":\"https:\\\/\\\/thisisadominoproject.org\\\/en\\\/#website\"},\"primaryImageOfPage\":{\"@id\":\"https:\\\/\\\/thisisadominoproject.org\\\/en\\\/33rd-silent-mass-in-zagreb-arijana-lekic-fridrih\\\/#primaryimage\"},\"image\":{\"@id\":\"https:\\\/\\\/thisisadominoproject.org\\\/en\\\/33rd-silent-mass-in-zagreb-arijana-lekic-fridrih\\\/#primaryimage\"},\"thumbnailUrl\":\"https:\\\/\\\/thisisadominoproject.org\\\/wp-content\\\/uploads\\\/2025\\\/02\\\/Arijana-Lekic-Fridrih_Tiha-misa_ljubaznoscu-umjetnice.jpg\",\"datePublished\":\"2025-09-05T09:16:28+00:00\",\"dateModified\":\"2025-09-05T09:39:39+00:00\",\"description\":\"34. Silent Mass by artist Arijana Leki\u0107-Fridirh is coming to Zagreb.\",\"breadcrumb\":{\"@id\":\"https:\\\/\\\/thisisadominoproject.org\\\/en\\\/33rd-silent-mass-in-zagreb-arijana-lekic-fridrih\\\/#breadcrumb\"},\"inLanguage\":\"en-US\",\"potentialAction\":[{\"@type\":\"ReadAction\",\"target\":[\"https:\\\/\\\/thisisadominoproject.org\\\/en\\\/33rd-silent-mass-in-zagreb-arijana-lekic-fridrih\\\/\"]}]},{\"@type\":\"ImageObject\",\"inLanguage\":\"en-US\",\"@id\":\"https:\\\/\\\/thisisadominoproject.org\\\/en\\\/33rd-silent-mass-in-zagreb-arijana-lekic-fridrih\\\/#primaryimage\",\"url\":\"https:\\\/\\\/thisisadominoproject.org\\\/wp-content\\\/uploads\\\/2025\\\/02\\\/Arijana-Lekic-Fridrih_Tiha-misa_ljubaznoscu-umjetnice.jpg\",\"contentUrl\":\"https:\\\/\\\/thisisadominoproject.org\\\/wp-content\\\/uploads\\\/2025\\\/02\\\/Arijana-Lekic-Fridrih_Tiha-misa_ljubaznoscu-umjetnice.jpg\",\"width\":1800,\"height\":1200},{\"@type\":\"BreadcrumbList\",\"@id\":\"https:\\\/\\\/thisisadominoproject.org\\\/en\\\/33rd-silent-mass-in-zagreb-arijana-lekic-fridrih\\\/#breadcrumb\",\"itemListElement\":[{\"@type\":\"ListItem\",\"position\":1,\"name\":\"Po\u010detna\",\"item\":\"https:\\\/\\\/thisisadominoproject.org\\\/en\\\/\"},{\"@type\":\"ListItem\",\"position\":2,\"name\":\"34th Silent Mass in Zagreb: Arijana Leki\u0107-Fridrih\"}]},{\"@type\":\"WebSite\",\"@id\":\"https:\\\/\\\/thisisadominoproject.org\\\/en\\\/#website\",\"url\":\"https:\\\/\\\/thisisadominoproject.org\\\/en\\\/\",\"name\":\"Udruga Domino\",\"description\":\"This is a Domino project\",\"publisher\":{\"@id\":\"https:\\\/\\\/thisisadominoproject.org\\\/en\\\/#organization\"},\"potentialAction\":[{\"@type\":\"SearchAction\",\"target\":{\"@type\":\"EntryPoint\",\"urlTemplate\":\"https:\\\/\\\/thisisadominoproject.org\\\/en\\\/?s={search_term_string}\"},\"query-input\":{\"@type\":\"PropertyValueSpecification\",\"valueRequired\":true,\"valueName\":\"search_term_string\"}}],\"inLanguage\":\"en-US\"},{\"@type\":\"Organization\",\"@id\":\"https:\\\/\\\/thisisadominoproject.org\\\/en\\\/#organization\",\"name\":\"Udruga Domino\",\"url\":\"https:\\\/\\\/thisisadominoproject.org\\\/en\\\/\",\"logo\":{\"@type\":\"ImageObject\",\"inLanguage\":\"en-US\",\"@id\":\"https:\\\/\\\/thisisadominoproject.org\\\/en\\\/#\\\/schema\\\/logo\\\/image\\\/\",\"url\":\"https:\\\/\\\/thisisadominoproject.org\\\/wp-content\\\/uploads\\\/2018\\\/04\\\/cropped-ICON.png\",\"contentUrl\":\"https:\\\/\\\/thisisadominoproject.org\\\/wp-content\\\/uploads\\\/2018\\\/04\\\/cropped-ICON.png\",\"width\":512,\"height\":512,\"caption\":\"Udruga Domino\"},\"image\":{\"@id\":\"https:\\\/\\\/thisisadominoproject.org\\\/en\\\/#\\\/schema\\\/logo\\\/image\\\/\"},\"sameAs\":[\"https:\\\/\\\/www.facebook.com\\\/thisisadominoproject\",\"https:\\\/\\\/www.instagram.com\\\/this_is_a_domino_project\\\/\"]},{\"@type\":\"Person\",\"@id\":\"https:\\\/\\\/thisisadominoproject.org\\\/en\\\/#\\\/schema\\\/person\\\/a2aa55b889ff99570530210c94e5c77c\",\"name\":\"admin\"}]}<\/script>\n<!-- \/ Yoast SEO plugin. -->","yoast_head_json":{"title":"34th Silent Mass in Zagreb: Arijana Leki\u0107-Fridrih - Udruga Domino","description":"34. Silent Mass by artist Arijana Leki\u0107-Fridirh is coming to Zagreb.","robots":{"index":"index","follow":"follow","max-snippet":"max-snippet:-1","max-image-preview":"max-image-preview:large","max-video-preview":"max-video-preview:-1"},"canonical":"https:\/\/thisisadominoproject.org\/en\/33rd-silent-mass-in-zagreb-arijana-lekic-fridrih\/","og_locale":"en_US","og_type":"article","og_title":"34th Silent Mass in Zagreb: Arijana Leki\u0107-Fridrih - Udruga Domino","og_description":"34. Silent Mass by artist Arijana Leki\u0107-Fridirh is coming to Zagreb.","og_url":"https:\/\/thisisadominoproject.org\/en\/33rd-silent-mass-in-zagreb-arijana-lekic-fridrih\/","og_site_name":"Udruga Domino","article_publisher":"https:\/\/www.facebook.com\/thisisadominoproject","article_published_time":"2025-09-05T09:16:28+00:00","article_modified_time":"2025-09-05T09:39:39+00:00","og_image":[{"width":1800,"height":1200,"url":"https:\/\/thisisadominoproject.org\/wp-content\/uploads\/2025\/02\/Arijana-Lekic-Fridrih_Tiha-misa_ljubaznoscu-umjetnice.jpg","type":"image\/jpeg"}],"author":"admin","twitter_card":"summary_large_image","twitter_misc":{"Written by":"admin","Est. reading time":"3 minutes"},"schema":{"@context":"https:\/\/schema.org","@graph":[{"@type":"Article","@id":"https:\/\/thisisadominoproject.org\/en\/33rd-silent-mass-in-zagreb-arijana-lekic-fridrih\/#article","isPartOf":{"@id":"https:\/\/thisisadominoproject.org\/en\/33rd-silent-mass-in-zagreb-arijana-lekic-fridrih\/"},"author":{"name":"admin","@id":"https:\/\/thisisadominoproject.org\/en\/#\/schema\/person\/a2aa55b889ff99570530210c94e5c77c"},"headline":"34th Silent Mass in Zagreb: Arijana Leki\u0107-Fridrih","datePublished":"2025-09-05T09:16:28+00:00","dateModified":"2025-09-05T09:39:39+00:00","mainEntityOfPage":{"@id":"https:\/\/thisisadominoproject.org\/en\/33rd-silent-mass-in-zagreb-arijana-lekic-fridrih\/"},"wordCount":539,"publisher":{"@id":"https:\/\/thisisadominoproject.org\/en\/#organization"},"image":{"@id":"https:\/\/thisisadominoproject.org\/en\/33rd-silent-mass-in-zagreb-arijana-lekic-fridrih\/#primaryimage"},"thumbnailUrl":"https:\/\/thisisadominoproject.org\/wp-content\/uploads\/2025\/02\/Arijana-Lekic-Fridrih_Tiha-misa_ljubaznoscu-umjetnice.jpg","keywords":["Arijana Leki\u0107 Fridrih","domino","performance","silent mass","Zagreb"],"articleSection":["NEWS","silent mass"],"inLanguage":"en-US"},{"@type":"WebPage","@id":"https:\/\/thisisadominoproject.org\/en\/33rd-silent-mass-in-zagreb-arijana-lekic-fridrih\/","url":"https:\/\/thisisadominoproject.org\/en\/33rd-silent-mass-in-zagreb-arijana-lekic-fridrih\/","name":"34th Silent Mass in Zagreb: Arijana Leki\u0107-Fridrih - Udruga Domino","isPartOf":{"@id":"https:\/\/thisisadominoproject.org\/en\/#website"},"primaryImageOfPage":{"@id":"https:\/\/thisisadominoproject.org\/en\/33rd-silent-mass-in-zagreb-arijana-lekic-fridrih\/#primaryimage"},"image":{"@id":"https:\/\/thisisadominoproject.org\/en\/33rd-silent-mass-in-zagreb-arijana-lekic-fridrih\/#primaryimage"},"thumbnailUrl":"https:\/\/thisisadominoproject.org\/wp-content\/uploads\/2025\/02\/Arijana-Lekic-Fridrih_Tiha-misa_ljubaznoscu-umjetnice.jpg","datePublished":"2025-09-05T09:16:28+00:00","dateModified":"2025-09-05T09:39:39+00:00","description":"34. Silent Mass by artist Arijana Leki\u0107-Fridirh is coming to Zagreb.","breadcrumb":{"@id":"https:\/\/thisisadominoproject.org\/en\/33rd-silent-mass-in-zagreb-arijana-lekic-fridrih\/#breadcrumb"},"inLanguage":"en-US","potentialAction":[{"@type":"ReadAction","target":["https:\/\/thisisadominoproject.org\/en\/33rd-silent-mass-in-zagreb-arijana-lekic-fridrih\/"]}]},{"@type":"ImageObject","inLanguage":"en-US","@id":"https:\/\/thisisadominoproject.org\/en\/33rd-silent-mass-in-zagreb-arijana-lekic-fridrih\/#primaryimage","url":"https:\/\/thisisadominoproject.org\/wp-content\/uploads\/2025\/02\/Arijana-Lekic-Fridrih_Tiha-misa_ljubaznoscu-umjetnice.jpg","contentUrl":"https:\/\/thisisadominoproject.org\/wp-content\/uploads\/2025\/02\/Arijana-Lekic-Fridrih_Tiha-misa_ljubaznoscu-umjetnice.jpg","width":1800,"height":1200},{"@type":"BreadcrumbList","@id":"https:\/\/thisisadominoproject.org\/en\/33rd-silent-mass-in-zagreb-arijana-lekic-fridrih\/#breadcrumb","itemListElement":[{"@type":"ListItem","position":1,"name":"Po\u010detna","item":"https:\/\/thisisadominoproject.org\/en\/"},{"@type":"ListItem","position":2,"name":"34th Silent Mass in Zagreb: Arijana Leki\u0107-Fridrih"}]},{"@type":"WebSite","@id":"https:\/\/thisisadominoproject.org\/en\/#website","url":"https:\/\/thisisadominoproject.org\/en\/","name":"Udruga Domino","description":"This is a Domino project","publisher":{"@id":"https:\/\/thisisadominoproject.org\/en\/#organization"},"potentialAction":[{"@type":"SearchAction","target":{"@type":"EntryPoint","urlTemplate":"https:\/\/thisisadominoproject.org\/en\/?s={search_term_string}"},"query-input":{"@type":"PropertyValueSpecification","valueRequired":true,"valueName":"search_term_string"}}],"inLanguage":"en-US"},{"@type":"Organization","@id":"https:\/\/thisisadominoproject.org\/en\/#organization","name":"Udruga Domino","url":"https:\/\/thisisadominoproject.org\/en\/","logo":{"@type":"ImageObject","inLanguage":"en-US","@id":"https:\/\/thisisadominoproject.org\/en\/#\/schema\/logo\/image\/","url":"https:\/\/thisisadominoproject.org\/wp-content\/uploads\/2018\/04\/cropped-ICON.png","contentUrl":"https:\/\/thisisadominoproject.org\/wp-content\/uploads\/2018\/04\/cropped-ICON.png","width":512,"height":512,"caption":"Udruga Domino"},"image":{"@id":"https:\/\/thisisadominoproject.org\/en\/#\/schema\/logo\/image\/"},"sameAs":["https:\/\/www.facebook.com\/thisisadominoproject","https:\/\/www.instagram.com\/this_is_a_domino_project\/"]},{"@type":"Person","@id":"https:\/\/thisisadominoproject.org\/en\/#\/schema\/person\/a2aa55b889ff99570530210c94e5c77c","name":"admin"}]}},"_links":{"self":[{"href":"https:\/\/thisisadominoproject.org\/en\/wp-json\/wp\/v2\/posts\/37228","targetHints":{"allow":["GET"]}}],"collection":[{"href":"https:\/\/thisisadominoproject.org\/en\/wp-json\/wp\/v2\/posts"}],"about":[{"href":"https:\/\/thisisadominoproject.org\/en\/wp-json\/wp\/v2\/types\/post"}],"author":[{"embeddable":true,"href":"https:\/\/thisisadominoproject.org\/en\/wp-json\/wp\/v2\/users\/1"}],"replies":[{"embeddable":true,"href":"https:\/\/thisisadominoproject.org\/en\/wp-json\/wp\/v2\/comments?post=37228"}],"version-history":[{"count":1,"href":"https:\/\/thisisadominoproject.org\/en\/wp-json\/wp\/v2\/posts\/37228\/revisions"}],"predecessor-version":[{"id":37229,"href":"https:\/\/thisisadominoproject.org\/en\/wp-json\/wp\/v2\/posts\/37228\/revisions\/37229"}],"wp:featuredmedia":[{"embeddable":true,"href":"https:\/\/thisisadominoproject.org\/en\/wp-json\/wp\/v2\/media\/35353"}],"wp:attachment":[{"href":"https:\/\/thisisadominoproject.org\/en\/wp-json\/wp\/v2\/media?parent=37228"}],"wp:term":[{"taxonomy":"category","embeddable":true,"href":"https:\/\/thisisadominoproject.org\/en\/wp-json\/wp\/v2\/categories?post=37228"},{"taxonomy":"post_tag","embeddable":true,"href":"https:\/\/thisisadominoproject.org\/en\/wp-json\/wp\/v2\/tags?post=37228"}],"curies":[{"name":"wp","href":"https:\/\/api.w.org\/{rel}","templated":true}]}}